{"id":1699,"date":"2015-07-02T08:30:59","date_gmt":"2015-07-02T08:30:59","guid":{"rendered":"http:\/\/theme.bearsthemes.com\/wordpress\/lemon_spa\/?p=1699"},"modified":"2015-07-02T08:30:59","modified_gmt":"2015-07-02T08:30:59","slug":"monitora-aequus","status":"publish","type":"post","link":"https:\/\/estudioaequus.com\/en\/monitora-aequus\/","title":{"rendered":"La monitora de Pilates Elena Garc\u00eda, \u00bfAconsejas hacer Pilates en Estudio Aequus?"},"content":{"rendered":"<h2>Consejos de una monitora de pilates<\/h2>\n<p>\u00bfPor qu\u00e9 hacer Pilates en Estudio Aequus?, el consejo de nuestra monitora de pilates, hoy<strong>&nbsp;Elena,&nbsp;<\/strong>directora t\u00e9cnica de Estudio Aequus centro de Fisioterapia, Nutricion, Osteopatia y Pilates en Palma nos responde a nuestra pregunta:<\/p>\n<p><strong>\u00bfPor qu\u00e9 aconsejas hacer Pilates en Estudio Aequus Mallorca?<\/strong><\/p>\n<p>Yo aconsejar\u00eda hacer&nbsp;<strong>Pilates<\/strong>&nbsp;de Aequus y el M\u00e9todo Pilates a todo el mundo, porque es la base de todo, de cualquier disciplina deportiva. Es un entrenamiento f\u00edsico puro y duro, es un m\u00e9todo que trabaja todos los grupos musculares del cuerpo, es un trabajo muy completo, muy organizado, muy ordenado, que cre\u00f3 Pilates hace 100 a\u00f1os.<br \/>\nSi se investiga como&nbsp;va evolucionando las tablas que \u00e9l cre\u00f3, tienen una coherencia a nivel de entrenamiento&nbsp;<strong>f\u00edsico-deportivo<\/strong>, localizadas en&nbsp;<strong>flexiones, extensiones, rotaciones y flexiones<\/strong>&nbsp;laterales, que son los cuatro movimientos que hace la columna. En la vida cotidiana ejercemos esos cuatro movimientos constantemente, rotamos flexionamos, extensionamos y necesitamos todos esos movimientos de la columna para desarrollarnos correctamente en la vida cotidiana y no lesionarnos. No podemos olvidar que necesitamos unos m\u00fasculos largos y el\u00e1sticos, no quebradizos, no con tanta masa muscular que tienden al acortamiento y generan muchos problemas a nivel articular.<\/p>\n<p>Por tanto el Pilates es aconsejable para todo el mundo, desde los&nbsp;<strong>ni\u00f1os<\/strong>&nbsp;hasta la&nbsp;<strong>gente mayor<\/strong>. Es un trabajo muy controlado, de mucha respiraci\u00f3n, de mucha alineaci\u00f3n a nivel de hueso, mientras el&nbsp;<strong>hueso est\u00e9 bien alineado<\/strong>&nbsp;y tengamos una respiraci\u00f3n correcta, la ejecuci\u00f3n de los ejercicios es la mejor y la que genera m\u00e1s salud para el cuerpo humano.<\/p>\n<p><strong>\u00bfQu\u00e9 voy a ganar haciendo Pilates?<\/strong><\/p>\n<p>Vas a ganar mucho grado de&nbsp;<strong>fuerza<\/strong>, de&nbsp;<strong>flexibilidad<\/strong>.&nbsp;<a name=\"OLE_LINK33\"><\/a><a name=\"OLE_LINK32\"><\/a>La flexibilidad es la cualidad m\u00e1s regresiva con el tiempo, que m\u00e1s se va perdiendo, m\u00e1s que cualquier otra cualidad f\u00edsica, m\u00e1s que la fuerza, la resistencia, la potencia, la velocidad, y como cualidad f\u00edsica que necesita el m\u00fasculo para no romperse, para no generar lesiones, es fundamental trabajar la flexibilidad y luego trabajar la fuerza y el resto de cualidades f\u00edsicas.<\/p>\n<p>Adem\u00e1s de esto, ganar\u00e1s en salud. Respiro correctamente para dar salud a mi columna, una respiraci\u00f3n diafragma, no abdominal, que genera mucha descompresi\u00f3n entre las&nbsp;<strong>v\u00e9rtebras<\/strong>&nbsp;y&nbsp;<strong>evita lesiones<\/strong>&nbsp;a nivel m\u00fasculo-esquel\u00e9tico.<\/p>\n<p><strong>&nbsp;\u00bfUna persona mayor puede llegar a recuperar esa flexibilidad perdida por el paso del tiempo?<\/strong><\/p>\n<p>A la mayor\u00eda de la gente lo que le est\u00e1 pasando es que se est\u00e1 apuntando tarde a Pilates, se est\u00e1n encontrando con su cuerpo demasiado tarde, sobre todo amas de casa que han priorizado siempre otras labores de casa m\u00e1s que su propio cuerpo, se han encontrado con cuerpos con&nbsp;<strong>desequilibrios musculares<\/strong>&nbsp;enormes, con&nbsp;<strong>suelos p\u00e9lvicos<\/strong>&nbsp;deshechos por no tener una actividad f\u00edsica fuerte, por haber parido y no volver a recuperar toda esa musculatura que necesita la columna para sostener la alineaci\u00f3n correcta.<\/p>\n<p>El grado de flexibilidad que se va perdiendo con el paso del tiempo, en estas clases de Pilates de Estudio Aequus nos es dif\u00edcil luchar contra tantos a\u00f1os de pasividad, contra tantos a\u00f1os de inactividad, pero s\u00ed si el alumno es constante, regular, se toma la actividad en serio y se le&nbsp; hace un&nbsp;<strong>trabajo progresivo, met\u00f3dico, ordenado y coherente<\/strong>, el alumno va ganando flexibilidad y va d\u00e1ndose cuenta de que el m\u00fasculo va cediendo poco a poco. El cuerpo es muy agradecido siempre con el poco que le hagas despu\u00e9s de lo mal que lo hemos tratado durante a\u00f1os.<\/p>\n<h2><strong>Movilidad articular<\/strong><\/h2>\n<p>Y s\u00ed, se consigue. Al estudio ha venido la gente muy mal a nivel flexibilidad, a nivel de&nbsp;<strong>movilidad articular<\/strong>, que al fin y al cabo el problema es que no movemos las articulaciones, y se consigue mucha mejor\u00eda. En&nbsp;un a\u00f1o o&nbsp;dos a\u00f1os vista, el alumno empieza a notar grandes cambios en su cuerpo.<\/p>\n<p>Nosotros vendemos programas a&nbsp;tres meses, ya que en&nbsp;un mes el alumno a\u00fan no ve esos cambios, esos resultados. Pero a partir de&nbsp;tres meses el alumno ya empieza a ver esos&nbsp;<strong>resultados<\/strong>&nbsp;a nivel flexibilidad, fuerza, alineaci\u00f3n y sobre todo, evitar dolores, sentir que esos dolores de columna desaparecen.<\/p>\n<p>Invierte un poco de tu tiempo en tu Salud Corporal, tienes un solo cuerpo para toda una vida y por desgracia, cada vez m\u00e1s j\u00f3venes, padecemos lesiones m\u00fasculo-esquel\u00e9ticas que desde la educaci\u00f3n f\u00edsica, muchas de ellas se podr\u00edan haber evitado.<\/p>\n<p>Implementa en tu rutina el Sistema Aequus y el Pilates de Aequus en Mat o M\u00e1quinas, ya que adaptan el movimiento a cada&nbsp;necesidad, a cada patolog\u00eda y a cada persona, adaptando y progresando un entrenamiento funcional global y compensatorio,&nbsp;&nbsp;educando el movimiento e higiene postural, consiguiendo un resultado \u00f3ptimo en prevenci\u00f3n o en las patolog\u00edas y\/o el dolor.<\/p>\n<p>As\u00ed podremos minimizar o erradicar aplicando un entrenamiento funcional global, mejorando la higiene postural y la calidad del movimiento, educ\u00e1ndolo&nbsp;<strong>desde los principios de concentraci\u00f3n, consciencia corporal, <\/strong><strong>propiocepci\u00f3n,<\/strong><strong>&nbsp;respiraci\u00f3n consciente, elasticidad, equilibrio y tono muscular,&nbsp; centro de fuerza, movilidad articular, control y precisi\u00f3n en el movimiento, alineaci\u00f3n, oposici\u00f3n, coordinaci\u00f3n y resistencia,&nbsp;<\/strong>a trav\u00e9s de verdaderos profesionales en el entendimiento del cuerpo, sus patolog\u00edas y necesidades m\u00fasculo esquel\u00e9ticas. Sin duda estos principios son la mejor garant\u00eda de salud y capacidad f\u00edsica. Todo ello sin olvidar la nutrici\u00f3n personalizada y los tratamientos de fisioterapia, realizados por fisioterapeuta que entienda el cuerpo como un todo.<\/p>\n<p>&nbsp;<\/p>\n<p>&nbsp;<\/p>\n","protected":false},"excerpt":{"rendered":"<p>\u00bfPor qu\u00e9 hacer Pilates en Estudio Aequus?, el consejo de nuestra monitora de pilates, hoy\u00a0Elena,\u00a0directora t\u00e9cnica de Estudio Aequus centro de Fisioterapia, Nutricion, Osteopatia y Pilates en Palma nos responde a nuestra pregunta:<\/p>\n","protected":false},"author":1,"featured_media":2099,"comment_status":"open","ping_status":"closed","sticky":false,"template":"","format":"standard","meta":{"_et_pb_use_builder":"","_et_pb_old_content":"","_et_gb_content_width":"","_joinchat":[],"footnotes":""},"categories":[25,12,29,54],"tags":[22,27,28,57,33],"class_list":["post-1699","post","type-post","status-publish","format-standard","has-post-thumbnail","hentry","category-equipo-aequus","category-novedades-aequus","category-pilates-aequus","category-suelo-pelvico","tag-aequus","tag-fisoterapia","tag-monitor-pilates","tag-osteopatia","tag-pilates"],"yoast_head":"<!-- This site is optimized with the Yoast SEO plugin v27.4 - https:\/\/yoast.com\/product\/yoast-seo-wordpress\/ -->\n<title>El consejo de nuestra monitora de pilates - Estudio Aequus<\/title>\n<meta name=\"description\" content=\"\u00bfPor qu\u00e9 hacer Pilates en Estudio Aequus?, el consejo de nuestra monitora de pilates, hoy\u00a0Elena,\u00a0directora t\u00e9cnica de Estudio Aequus centro de Fisioterapia, Nutricion, Osteopatia y Pilates en Palma nos responde a nuestra pregunta:\" \/>\n<meta name=\"robots\" content=\"index, follow, max-snippet:-1, max-image-preview:large, max-video-preview:-1\" \/>\n<link rel=\"canonical\" href=\"https:\/\/estudioaequus.com\/monitora-aequus\/\" \/>\n<meta property=\"og:locale\" content=\"en_US\" \/>\n<meta property=\"og:type\" content=\"article\" \/>\n<meta property=\"og:title\" content=\"El consejo de nuestra monitora de pilates - Estudio Aequus\" \/>\n<meta property=\"og:description\" content=\"\u00bfPor qu\u00e9 hacer Pilates en Estudio Aequus?, el consejo de nuestra monitora de pilates, hoy\u00a0Elena,\u00a0directora t\u00e9cnica de Estudio Aequus centro de Fisioterapia, Nutricion, Osteopatia y Pilates en Palma nos responde a nuestra pregunta:\" \/>\n<meta property=\"og:url\" content=\"https:\/\/estudioaequus.com\/monitora-aequus\/\" \/>\n<meta property=\"og:site_name\" content=\"Estudio aequus\" \/>\n<meta property=\"article:published_time\" content=\"2015-07-02T08:30:59+00:00\" \/>\n<meta property=\"og:image\" content=\"https:\/\/estudioaequus.com\/wp-content\/uploads\/2018\/05\/aequus250copia-2.jpeg\" \/>\n\t<meta property=\"og:image:width\" content=\"2880\" \/>\n\t<meta property=\"og:image:height\" content=\"1920\" \/>\n\t<meta property=\"og:image:type\" content=\"image\/jpeg\" \/>\n<meta name=\"author\" content=\"Elena Garc\u00eda Ortiz\" \/>\n<meta name=\"twitter:card\" content=\"summary_large_image\" \/>\n<meta name=\"twitter:label1\" content=\"Written by\" \/>\n\t<meta name=\"twitter:data1\" content=\"Elena Garc\u00eda Ortiz\" \/>\n\t<meta name=\"twitter:label2\" content=\"Est. reading time\" \/>\n\t<meta name=\"twitter:data2\" content=\"5 minutes\" \/>\n<!-- \/ Yoast SEO plugin. -->","yoast_head_json":{"title":"El consejo de nuestra monitora de pilates - Estudio Aequus","description":"\u00bfPor qu\u00e9 hacer Pilates en Estudio Aequus?, el consejo de nuestra monitora de pilates, hoy\u00a0Elena,\u00a0directora t\u00e9cnica de Estudio Aequus centro de Fisioterapia, Nutricion, Osteopatia y Pilates en Palma nos responde a nuestra pregunta:","robots":{"index":"index","follow":"follow","max-snippet":"max-snippet:-1","max-image-preview":"max-image-preview:large","max-video-preview":"max-video-preview:-1"},"canonical":"https:\/\/estudioaequus.com\/monitora-aequus\/","og_locale":"en_US","og_type":"article","og_title":"El consejo de nuestra monitora de pilates - Estudio Aequus","og_description":"\u00bfPor qu\u00e9 hacer Pilates en Estudio Aequus?, el consejo de nuestra monitora de pilates, hoy\u00a0Elena,\u00a0directora t\u00e9cnica de Estudio Aequus centro de Fisioterapia, Nutricion, Osteopatia y Pilates en Palma nos responde a nuestra pregunta:","og_url":"https:\/\/estudioaequus.com\/monitora-aequus\/","og_site_name":"Estudio aequus","article_published_time":"2015-07-02T08:30:59+00:00","og_image":[{"width":2880,"height":1920,"url":"https:\/\/estudioaequus.com\/wp-content\/uploads\/2018\/05\/aequus250copia-2.jpeg","type":"image\/jpeg"}],"author":"Elena Garc\u00eda Ortiz","twitter_card":"summary_large_image","twitter_misc":{"Written by":"Elena Garc\u00eda Ortiz","Est. reading time":"5 minutes"},"schema":{"@context":"https:\/\/schema.org","@graph":[{"@type":"Article","@id":"https:\/\/estudioaequus.com\/monitora-aequus\/#article","isPartOf":{"@id":"https:\/\/estudioaequus.com\/monitora-aequus\/"},"author":{"name":"Elena Garc\u00eda Ortiz","@id":"https:\/\/estudioaequus.com\/#\/schema\/person\/10f2d1e9e2003ad73b5bfda1fc726045"},"headline":"La monitora de Pilates Elena Garc\u00eda, \u00bfAconsejas hacer Pilates en Estudio Aequus?","datePublished":"2015-07-02T08:30:59+00:00","mainEntityOfPage":{"@id":"https:\/\/estudioaequus.com\/monitora-aequus\/"},"wordCount":1013,"commentCount":0,"image":{"@id":"https:\/\/estudioaequus.com\/monitora-aequus\/#primaryimage"},"thumbnailUrl":"https:\/\/estudioaequus.com\/wp-content\/uploads\/2018\/05\/aequus250copia-2.jpeg","keywords":["Aequus","fisoterapia","monitor pilates","osteopat\u00eda","pilates"],"articleSection":["Equipo Aequus","Novedades Aequus","Pilates Aequus","Suelo P\u00e9lvico"],"inLanguage":"en-US","potentialAction":[{"@type":"CommentAction","name":"Comment","target":["https:\/\/estudioaequus.com\/monitora-aequus\/#respond"]}]},{"@type":"WebPage","@id":"https:\/\/estudioaequus.com\/monitora-aequus\/","url":"https:\/\/estudioaequus.com\/monitora-aequus\/","name":"El consejo de nuestra monitora de pilates - Estudio Aequus","isPartOf":{"@id":"https:\/\/estudioaequus.com\/#website"},"primaryImageOfPage":{"@id":"https:\/\/estudioaequus.com\/monitora-aequus\/#primaryimage"},"image":{"@id":"https:\/\/estudioaequus.com\/monitora-aequus\/#primaryimage"},"thumbnailUrl":"https:\/\/estudioaequus.com\/wp-content\/uploads\/2018\/05\/aequus250copia-2.jpeg","datePublished":"2015-07-02T08:30:59+00:00","author":{"@id":"https:\/\/estudioaequus.com\/#\/schema\/person\/10f2d1e9e2003ad73b5bfda1fc726045"},"description":"\u00bfPor qu\u00e9 hacer Pilates en Estudio Aequus?, el consejo de nuestra monitora de pilates, hoy\u00a0Elena,\u00a0directora t\u00e9cnica de Estudio Aequus centro de Fisioterapia, Nutricion, Osteopatia y Pilates en Palma nos responde a nuestra pregunta:","breadcrumb":{"@id":"https:\/\/estudioaequus.com\/monitora-aequus\/#breadcrumb"},"inLanguage":"en-US","potentialAction":[{"@type":"ReadAction","target":["https:\/\/estudioaequus.com\/monitora-aequus\/"]}]},{"@type":"ImageObject","inLanguage":"en-US","@id":"https:\/\/estudioaequus.com\/monitora-aequus\/#primaryimage","url":"https:\/\/estudioaequus.com\/wp-content\/uploads\/2018\/05\/aequus250copia-2.jpeg","contentUrl":"https:\/\/estudioaequus.com\/wp-content\/uploads\/2018\/05\/aequus250copia-2.jpeg","width":2880,"height":1920},{"@type":"BreadcrumbList","@id":"https:\/\/estudioaequus.com\/monitora-aequus\/#breadcrumb","itemListElement":[{"@type":"ListItem","position":1,"name":"Portada","item":"https:\/\/estudioaequus.com\/en\/pilates-palma-de-mallorca\/"},{"@type":"ListItem","position":2,"name":"La monitora de Pilates Elena Garc\u00eda, \u00bfAconsejas hacer Pilates en Estudio Aequus?"}]},{"@type":"WebSite","@id":"https:\/\/estudioaequus.com\/#website","url":"https:\/\/estudioaequus.com\/","name":"Estudio aequus","description":"Estudio de Pilates en Palma","potentialAction":[{"@type":"SearchAction","target":{"@type":"EntryPoint","urlTemplate":"https:\/\/estudioaequus.com\/?s={search_term_string}"},"query-input":{"@type":"PropertyValueSpecification","valueRequired":true,"valueName":"search_term_string"}}],"inLanguage":"en-US"},{"@type":"Person","@id":"https:\/\/estudioaequus.com\/#\/schema\/person\/10f2d1e9e2003ad73b5bfda1fc726045","name":"Elena Garc\u00eda Ortiz","image":{"@type":"ImageObject","inLanguage":"en-US","@id":"https:\/\/estudioaequus.com\/wp-content\/uploads\/2025\/08\/fisioterapeuta-elena-garcia.webp","url":"https:\/\/estudioaequus.com\/wp-content\/uploads\/2025\/08\/fisioterapeuta-elena-garcia.webp","contentUrl":"https:\/\/estudioaequus.com\/wp-content\/uploads\/2025\/08\/fisioterapeuta-elena-garcia.webp","caption":"Elena Garc\u00eda Ortiz"},"description":"\u2022 Licenciada en educaci\u00f3n f\u00edsica INEF por la Universidad de Lleida. \u2022 Maestr\u00eda en aerobic. \u2022 Maestr\u00eda en Fitness. \u2022 Maestr\u00eda en gimnasia r\u00edtmica y deportiva. \u2022 Instructor BTS de Body Balance y Body Pump. \u2022 Tonificaci\u00f3n, Step y Aerobic de Fitness Pentatl\u00f3n. \u2022 Instructor de ciclismo Indoor y Tot Cycling.","url":"https:\/\/estudioaequus.com\/en\/author\/mktpmp_or4nk97g\/"}]}},"_links":{"self":[{"href":"https:\/\/estudioaequus.com\/en\/wp-json\/wp\/v2\/posts\/1699","targetHints":{"allow":["GET"]}}],"collection":[{"href":"https:\/\/estudioaequus.com\/en\/wp-json\/wp\/v2\/posts"}],"about":[{"href":"https:\/\/estudioaequus.com\/en\/wp-json\/wp\/v2\/types\/post"}],"author":[{"embeddable":true,"href":"https:\/\/estudioaequus.com\/en\/wp-json\/wp\/v2\/users\/1"}],"replies":[{"embeddable":true,"href":"https:\/\/estudioaequus.com\/en\/wp-json\/wp\/v2\/comments?post=1699"}],"version-history":[{"count":0,"href":"https:\/\/estudioaequus.com\/en\/wp-json\/wp\/v2\/posts\/1699\/revisions"}],"wp:featuredmedia":[{"embeddable":true,"href":"https:\/\/estudioaequus.com\/en\/wp-json\/wp\/v2\/media\/2099"}],"wp:attachment":[{"href":"https:\/\/estudioaequus.com\/en\/wp-json\/wp\/v2\/media?parent=1699"}],"wp:term":[{"taxonomy":"category","embeddable":true,"href":"https:\/\/estudioaequus.com\/en\/wp-json\/wp\/v2\/categories?post=1699"},{"taxonomy":"post_tag","embeddable":true,"href":"https:\/\/estudioaequus.com\/en\/wp-json\/wp\/v2\/tags?post=1699"}],"curies":[{"name":"wp","href":"https:\/\/api.w.org\/{rel}","templated":true}]}}