{"id":28517,"date":"2023-06-13T09:35:37","date_gmt":"2023-06-13T07:35:37","guid":{"rendered":"https:\/\/estudioaequus.com\/?p=28517"},"modified":"2024-10-22T11:50:01","modified_gmt":"2024-10-22T09:50:01","slug":"fisioterapia-atm-mallorca","status":"publish","type":"post","link":"https:\/\/estudioaequus.com\/en\/fisioterapia-atm-mallorca\/","title":{"rendered":"Fisioterapia ATM Mallorca"},"content":{"rendered":"\n<h2 class=\"wp-block-heading\">\u00bfEn qu\u00e9 consiste la fisioterapia ATM?<\/h2>\n\n\n\n<p>La <strong>fisioterapia ATM en Mallorca<\/strong> son aquellos tratamientos que buscan atender los s\u00edntomas de problemas asociados con la articulaci\u00f3n temporomandibular. Esta misma juega un papel fundamental en el movimiento de la mand\u00edbula y cuando se ve afectada genera s\u00edntomas que van desde un entumecimiento muscular hasta verdaderas limitaciones en las expresiones faciales y malestares en los o\u00eddos y cuello.&nbsp;<\/p>\n\n\n\n<p>Por esa raz\u00f3n desde <a href=\"https:\/\/estudioaequus.com\/\">Fisioterapia Aequus<\/a> te ofrecemos un tratamiento efectivo y seguro para atender este tipo de patolog\u00eda.<\/p>\n\n\n\n<p>Debes tener en cuenta que esta articulaci\u00f3n temporomandibular es <strong>la m\u00e1s utilizada de todo el cuerpo humano<\/strong>. Por ello el mantenimiento de sus facultades sin consecuencias dolorosas para los pacientes es una verdadera prioridad para mantener una calidad de vida en el d\u00eda a d\u00eda.&nbsp;<\/p>\n\n\n\n<p>Con ese prop\u00f3sito <strong>recurrimos a toda clase de elementos<\/strong> que van desde terapias manuales y reeducativas hasta otros medios que utilizan a la tecnolog\u00eda para mejorar la integridad del paciente. La radiofrecuencia y la punci\u00f3n seca son buenos ejemplos de ello.<\/p>\n\n\n\n<h2 class=\"wp-block-heading\">Articulaci\u00f3n temporomandibular y trastornos mandibulares m\u00e1s comunes&nbsp;<\/h2>\n\n\n\n<p>Los trastornos mandibulares m\u00e1s comunes que afectan a la articulaci\u00f3n temporomandibular tiene <strong>una relaci\u00f3n directa con el estr\u00e9s<\/strong> y con malformaciones cong\u00e9nitas que pueden tratarse de una forma favorable gracias a la fisioterapia moderna. Por este motivo en nuestra cl\u00ednica Estudio Aequus abordamos cada diagn\u00f3stico entendiendo que <strong>debe haber ciertos cambios en el estilo de vida <\/strong>del paciente.&nbsp;<\/p>\n\n\n\n<p>Ten en cuenta que uno de los trastornos mandibulares m\u00e1s comunes que se asocian a una afectaci\u00f3n de la articulaci\u00f3n temporomandibular <strong>es el bruxismo<\/strong>. Por ello las f\u00e9rulas dentales pueden llegar a ser necesarias para garantizar los resultados exitosos de estas atenciones fisioterap\u00e9uticas.&nbsp;<\/p>\n\n\n\n<p>Un ciclo del sue\u00f1o m\u00e1s saludable y una reeducaci\u00f3n postural <strong>a un nivel cervical y facial <\/strong>pueden marcar una gran diferencia en la forma en la que se aborda la fisioterapia ATM en Mallorca.<\/p>\n\n\n\n<h2 class=\"wp-block-heading\">C\u00f3mo trabajamos la fisioterapia ATM en Mallorca en Estudio Aequus&nbsp;<\/h2>\n\n\n\n<p>De forma particular podemos asegurarte que en Estudio Aequus desarrollamos tratamientos de fisioterapia ATM en Mallorca que priorizan las necesidades de cada paciente para poder <strong>seguir una l\u00ednea de trabajo personalizada e individual <\/strong>que complace todas y cada una de las exigencias.&nbsp;<\/p>\n\n\n\n<p>Estos son criterios elementales sabiendo que los trastornos temporomandibulares son patolog\u00edas que tienen<strong> un cuadro cl\u00ednico muy variado<\/strong> en el que cada paciente transita un universo de s\u00edntomas muy aislados y concretos.<\/p>\n\n\n\n<p>Para tu conveniencia en Estudio Aequus contamos con especialistas y <a href=\"https:\/\/estudioaequus.com\/fisioterapia-atm-mallorca\/\">fisioterapia ATM en Mallorca<\/a> que est\u00e1n dispuestos a innovar y sobre todo a entender que estos trastornos suelen <strong>formar parte de problemas de salud m\u00e1s complejos <\/strong>e integrales. Por ello extendemos nuestro enfoque terap\u00e9utico m\u00e1s all\u00e1 de las barreras que se vean en los s\u00edntomas convencionales.&nbsp;<\/p>\n\n\n\n<p>Todo esto se desarrolla en <strong>un ambiente moderno e innovador <\/strong>que te garantiza comodidad en todo momento. Ya sea en aquellas terapias de manipulaci\u00f3n manual o en aquellas en las que recurrimos a la tecnolog\u00eda como la <a href=\"https:\/\/estudioaequus.com\/radiofrecuencia-mallorca\/\">radiofrecuencia<\/a> o la <a href=\"https:\/\/estudioaequus.com\/puncion-seca-palma\/\">punci\u00f3n seca<\/a>.&nbsp;<\/p>\n","protected":false},"excerpt":{"rendered":"<p>\u00bfEn qu\u00e9 consiste la fisioterapia ATM? La fisioterapia ATM en Mallorca son aquellos tratamientos que buscan atender los s\u00edntomas de problemas asociados con la articulaci\u00f3n temporomandibular. Esta misma juega un papel fundamental en el movimiento de la mand\u00edbula y cuando se ve afectada genera s\u00edntomas que van desde un entumecimiento muscular hasta verdaderas limitaciones en [&hellip;]<\/p>\n","protected":false},"author":1,"featured_media":28518,"comment_status":"open","ping_status":"closed","sticky":false,"template":"","format":"standard","meta":{"_et_pb_use_builder":"off","_et_pb_old_content":"","_et_gb_content_width":"","_joinchat":[],"footnotes":""},"categories":[39,12],"tags":[],"class_list":["post-28517","post","type-post","status-publish","format-standard","has-post-thumbnail","hentry","category-fisioterapia","category-novedades-aequus"],"yoast_head":"<!-- This site is optimized with the Yoast SEO plugin v27.4 - https:\/\/yoast.com\/product\/yoast-seo-wordpress\/ -->\n<title>Fisioterapia ATM Mallorca | Estudio Aequus<\/title>\n<meta name=\"description\" content=\"\u00bfBuscas un fisioterapeuta especializado en fisioterapia ATM en Mallorca? En Estudio Aequus te ayudamos. \u00a1Inf\u00f3rmate sin compromiso!\" \/>\n<meta name=\"robots\" content=\"index, follow, max-snippet:-1, max-image-preview:large, max-video-preview:-1\" \/>\n<link rel=\"canonical\" href=\"https:\/\/estudioaequus.com\/fisioterapia-atm-mallorca\/\" \/>\n<meta property=\"og:locale\" content=\"en_US\" \/>\n<meta property=\"og:type\" content=\"article\" \/>\n<meta property=\"og:title\" content=\"Fisioterapia ATM Mallorca | Estudio Aequus\" \/>\n<meta property=\"og:description\" content=\"\u00bfBuscas un fisioterapeuta especializado en fisioterapia ATM en Mallorca? En Estudio Aequus te ayudamos. \u00a1Inf\u00f3rmate sin compromiso!\" \/>\n<meta property=\"og:url\" content=\"https:\/\/estudioaequus.com\/fisioterapia-atm-mallorca\/\" \/>\n<meta property=\"og:site_name\" content=\"Estudio aequus\" \/>\n<meta property=\"article:published_time\" content=\"2023-06-13T07:35:37+00:00\" \/>\n<meta property=\"article:modified_time\" content=\"2024-10-22T09:50:01+00:00\" \/>\n<meta property=\"og:image\" content=\"https:\/\/estudioaequus.com\/wp-content\/uploads\/2023\/06\/fisioterapia-atm-en-mallorca.jpg\" \/>\n\t<meta property=\"og:image:width\" content=\"1000\" \/>\n\t<meta property=\"og:image:height\" content=\"667\" \/>\n\t<meta property=\"og:image:type\" content=\"image\/jpeg\" \/>\n<meta name=\"author\" content=\"Elena Garc\u00eda Ortiz\" \/>\n<meta name=\"twitter:card\" content=\"summary_large_image\" \/>\n<meta name=\"twitter:label1\" content=\"Written by\" \/>\n\t<meta name=\"twitter:data1\" content=\"Elena Garc\u00eda Ortiz\" \/>\n\t<meta name=\"twitter:label2\" content=\"Est. reading time\" \/>\n\t<meta name=\"twitter:data2\" content=\"3 minutes\" \/>\n<!-- \/ Yoast SEO plugin. -->","yoast_head_json":{"title":"Fisioterapia ATM Mallorca | Estudio Aequus","description":"\u00bfBuscas un fisioterapeuta especializado en fisioterapia ATM en Mallorca? En Estudio Aequus te ayudamos. \u00a1Inf\u00f3rmate sin compromiso!","robots":{"index":"index","follow":"follow","max-snippet":"max-snippet:-1","max-image-preview":"max-image-preview:large","max-video-preview":"max-video-preview:-1"},"canonical":"https:\/\/estudioaequus.com\/fisioterapia-atm-mallorca\/","og_locale":"en_US","og_type":"article","og_title":"Fisioterapia ATM Mallorca | Estudio Aequus","og_description":"\u00bfBuscas un fisioterapeuta especializado en fisioterapia ATM en Mallorca? En Estudio Aequus te ayudamos. \u00a1Inf\u00f3rmate sin compromiso!","og_url":"https:\/\/estudioaequus.com\/fisioterapia-atm-mallorca\/","og_site_name":"Estudio aequus","article_published_time":"2023-06-13T07:35:37+00:00","article_modified_time":"2024-10-22T09:50:01+00:00","og_image":[{"width":1000,"height":667,"url":"https:\/\/estudioaequus.com\/wp-content\/uploads\/2023\/06\/fisioterapia-atm-en-mallorca.jpg","type":"image\/jpeg"}],"author":"Elena Garc\u00eda Ortiz","twitter_card":"summary_large_image","twitter_misc":{"Written by":"Elena Garc\u00eda Ortiz","Est. reading time":"3 minutes"},"schema":{"@context":"https:\/\/schema.org","@graph":[{"@type":"Article","@id":"https:\/\/estudioaequus.com\/fisioterapia-atm-mallorca\/#article","isPartOf":{"@id":"https:\/\/estudioaequus.com\/fisioterapia-atm-mallorca\/"},"author":{"name":"Elena Garc\u00eda Ortiz","@id":"https:\/\/estudioaequus.com\/#\/schema\/person\/10f2d1e9e2003ad73b5bfda1fc726045"},"headline":"Fisioterapia ATM Mallorca","datePublished":"2023-06-13T07:35:37+00:00","dateModified":"2024-10-22T09:50:01+00:00","mainEntityOfPage":{"@id":"https:\/\/estudioaequus.com\/fisioterapia-atm-mallorca\/"},"wordCount":550,"commentCount":0,"image":{"@id":"https:\/\/estudioaequus.com\/fisioterapia-atm-mallorca\/#primaryimage"},"thumbnailUrl":"https:\/\/estudioaequus.com\/wp-content\/uploads\/2023\/06\/fisioterapia-atm-en-mallorca.jpg","articleSection":["Fisioterapia","Novedades Aequus"],"inLanguage":"en-US","potentialAction":[{"@type":"CommentAction","name":"Comment","target":["https:\/\/estudioaequus.com\/fisioterapia-atm-mallorca\/#respond"]}]},{"@type":"WebPage","@id":"https:\/\/estudioaequus.com\/fisioterapia-atm-mallorca\/","url":"https:\/\/estudioaequus.com\/fisioterapia-atm-mallorca\/","name":"Fisioterapia ATM Mallorca | Estudio Aequus","isPartOf":{"@id":"https:\/\/estudioaequus.com\/#website"},"primaryImageOfPage":{"@id":"https:\/\/estudioaequus.com\/fisioterapia-atm-mallorca\/#primaryimage"},"image":{"@id":"https:\/\/estudioaequus.com\/fisioterapia-atm-mallorca\/#primaryimage"},"thumbnailUrl":"https:\/\/estudioaequus.com\/wp-content\/uploads\/2023\/06\/fisioterapia-atm-en-mallorca.jpg","datePublished":"2023-06-13T07:35:37+00:00","dateModified":"2024-10-22T09:50:01+00:00","author":{"@id":"https:\/\/estudioaequus.com\/#\/schema\/person\/10f2d1e9e2003ad73b5bfda1fc726045"},"description":"\u00bfBuscas un fisioterapeuta especializado en fisioterapia ATM en Mallorca? En Estudio Aequus te ayudamos. \u00a1Inf\u00f3rmate sin compromiso!","breadcrumb":{"@id":"https:\/\/estudioaequus.com\/fisioterapia-atm-mallorca\/#breadcrumb"},"inLanguage":"en-US","potentialAction":[{"@type":"ReadAction","target":["https:\/\/estudioaequus.com\/fisioterapia-atm-mallorca\/"]}]},{"@type":"ImageObject","inLanguage":"en-US","@id":"https:\/\/estudioaequus.com\/fisioterapia-atm-mallorca\/#primaryimage","url":"https:\/\/estudioaequus.com\/wp-content\/uploads\/2023\/06\/fisioterapia-atm-en-mallorca.jpg","contentUrl":"https:\/\/estudioaequus.com\/wp-content\/uploads\/2023\/06\/fisioterapia-atm-en-mallorca.jpg","width":1000,"height":667,"caption":"fisioterapia-atm-en-mallorca"},{"@type":"BreadcrumbList","@id":"https:\/\/estudioaequus.com\/fisioterapia-atm-mallorca\/#breadcrumb","itemListElement":[{"@type":"ListItem","position":1,"name":"Portada","item":"https:\/\/estudioaequus.com\/en\/pilates-palma-de-mallorca\/"},{"@type":"ListItem","position":2,"name":"Fisioterapia ATM Mallorca"}]},{"@type":"WebSite","@id":"https:\/\/estudioaequus.com\/#website","url":"https:\/\/estudioaequus.com\/","name":"Estudio aequus","description":"Estudio de Pilates en Palma","potentialAction":[{"@type":"SearchAction","target":{"@type":"EntryPoint","urlTemplate":"https:\/\/estudioaequus.com\/?s={search_term_string}"},"query-input":{"@type":"PropertyValueSpecification","valueRequired":true,"valueName":"search_term_string"}}],"inLanguage":"en-US"},{"@type":"Person","@id":"https:\/\/estudioaequus.com\/#\/schema\/person\/10f2d1e9e2003ad73b5bfda1fc726045","name":"Elena Garc\u00eda Ortiz","image":{"@type":"ImageObject","inLanguage":"en-US","@id":"https:\/\/estudioaequus.com\/wp-content\/uploads\/2025\/08\/fisioterapeuta-elena-garcia.webp","url":"https:\/\/estudioaequus.com\/wp-content\/uploads\/2025\/08\/fisioterapeuta-elena-garcia.webp","contentUrl":"https:\/\/estudioaequus.com\/wp-content\/uploads\/2025\/08\/fisioterapeuta-elena-garcia.webp","caption":"Elena Garc\u00eda Ortiz"},"description":"\u2022 Licenciada en educaci\u00f3n f\u00edsica INEF por la Universidad de Lleida. \u2022 Maestr\u00eda en aerobic. \u2022 Maestr\u00eda en Fitness. \u2022 Maestr\u00eda en gimnasia r\u00edtmica y deportiva. \u2022 Instructor BTS de Body Balance y Body Pump. \u2022 Tonificaci\u00f3n, Step y Aerobic de Fitness Pentatl\u00f3n. \u2022 Instructor de ciclismo Indoor y Tot Cycling.","url":"https:\/\/estudioaequus.com\/en\/author\/mktpmp_or4nk97g\/"}]}},"_links":{"self":[{"href":"https:\/\/estudioaequus.com\/en\/wp-json\/wp\/v2\/posts\/28517","targetHints":{"allow":["GET"]}}],"collection":[{"href":"https:\/\/estudioaequus.com\/en\/wp-json\/wp\/v2\/posts"}],"about":[{"href":"https:\/\/estudioaequus.com\/en\/wp-json\/wp\/v2\/types\/post"}],"author":[{"embeddable":true,"href":"https:\/\/estudioaequus.com\/en\/wp-json\/wp\/v2\/users\/1"}],"replies":[{"embeddable":true,"href":"https:\/\/estudioaequus.com\/en\/wp-json\/wp\/v2\/comments?post=28517"}],"version-history":[{"count":5,"href":"https:\/\/estudioaequus.com\/en\/wp-json\/wp\/v2\/posts\/28517\/revisions"}],"predecessor-version":[{"id":250064,"href":"https:\/\/estudioaequus.com\/en\/wp-json\/wp\/v2\/posts\/28517\/revisions\/250064"}],"wp:featuredmedia":[{"embeddable":true,"href":"https:\/\/estudioaequus.com\/en\/wp-json\/wp\/v2\/media\/28518"}],"wp:attachment":[{"href":"https:\/\/estudioaequus.com\/en\/wp-json\/wp\/v2\/media?parent=28517"}],"wp:term":[{"taxonomy":"category","embeddable":true,"href":"https:\/\/estudioaequus.com\/en\/wp-json\/wp\/v2\/categories?post=28517"},{"taxonomy":"post_tag","embeddable":true,"href":"https:\/\/estudioaequus.com\/en\/wp-json\/wp\/v2\/tags?post=28517"}],"curies":[{"name":"wp","href":"https:\/\/api.w.org\/{rel}","templated":true}]}}