{"id":4442,"date":"2020-01-03T00:06:49","date_gmt":"2020-01-03T00:06:49","guid":{"rendered":"https:\/\/estudioaequus.com\/?p=4442"},"modified":"2024-03-25T13:44:26","modified_gmt":"2024-03-25T12:44:26","slug":"pilates-contra-la-depresion","status":"publish","type":"post","link":"https:\/\/estudioaequus.com\/en\/pilates-contra-la-depresion\/","title":{"rendered":"Pilates contra la depresi\u00f3n"},"content":{"rendered":"\n<p>Si a muchos de nosotros\/as nos hablan de salud, inmediatamente pensamos en dolencias f\u00edsicas que nos impiden hacer una vida normal o que al menos la dificultan.<\/p>\n\n\n\n<p>Sin embargo hay enfermedades como la depresi\u00f3n que no se ven y pueden ser m\u00e1s graves que las f\u00edsicas. Cuando hablamos de enfermedades mentales, hablamos de dolencias internas en ocasiones dif\u00edciles de detectar, entender y tratar. Por ello desde <a href=\"https:\/\/estudioaequus.com\/\">Estudio Aequus<\/a> queremos ayudarte.<\/p>\n\n\n\n<h3 class=\"wp-block-heading\">Ansiedad y depresi\u00f3n<\/h3>\n\n\n\n<p>No se trata como mucha gente piensa, de &#8220;malas rachas&#8221;, de una simple falta de motivaci\u00f3n, de pereza ni dramatismo.  La depresi\u00f3n es un trastorno emocional que causa un sentimiento de tristeza constante y una p\u00e9rdida de inter\u00e9s en nuestro d\u00eda a d\u00eda.<\/p>\n\n\n\n<p> En muchos casos, la depresi\u00f3n viene acompa\u00f1ada de&nbsp;<strong>ataques de ansiedad<\/strong>, la cual aparece y se desarrolla ante casos que se perciben como amenazantes por la persona que padece tal trastorno.<\/p>\n\n\n\n<h3 class=\"wp-block-heading\">C\u00f3mo superar una depresi\u00f3n<\/h3>\n\n\n\n<p>Siempre ser\u00e1 necesario acudir a profesionales en psicolog\u00eda y\/o psiquiatr\u00eda, que nos diagnostiquen y gu\u00eden en esta carrera de fondo. Esta persona te guiar\u00e1 y evaluar\u00e1 tanto tu estado actual como tu evaluaci\u00f3n.<\/p>\n\n\n\n<p>Pero, \u00bfqu\u00e9 puedo hacer por m\u00ed mismo\/a?<\/p>\n\n\n\n<p>Adem\u00e1s de los consejos de tu psic\u00f3logo o psiquiatra, podemos intentar modificar h\u00e1bitos de nuestro d\u00eda a d\u00eda que nos hagan sentirnos mejor con nosotros\/as mismos\/as.<\/p>\n\n\n\n<p>No es la primera vez que leas esto, pero no nos cansaremos de repetir los beneficios del ejercicio f\u00edsico son altamente beneficiosos desde el punto de vista f\u00edsico como del mental.<\/p>\n\n\n\n<figure class=\"wp-block-image\"><img decoding=\"async\" width=\"626\" height=\"416\" src=\"https:\/\/estudioaequus.com\/wp-content\/uploads\/2020\/01\/depresion.jpg\" alt=\"\" class=\"wp-image-4444\" srcset=\"https:\/\/estudioaequus.com\/wp-content\/uploads\/2020\/01\/depresion.jpg 626w, https:\/\/estudioaequus.com\/wp-content\/uploads\/2020\/01\/depresion-480x319.jpg 480w\" sizes=\"(min-width: 0px) and (max-width: 480px) 480px, (min-width: 481px) 626px, 100vw\" \/><\/figure>\n\n\n\n<p>Por ello actividades como el pilates ayudan a pacientes a generar endorfinas que mejoran el bienestar de tu organismo. Pero no es s\u00f3lo lo que el Pilates suma, si no lo que resta siempre de forma beneficiosa para nosotros\/as. <\/p>\n\n\n\n<p>Cuando hacemos ejercicio f\u00edsico, logramos liberar la mente ayud\u00e1ndonos a salir de ese laberinto, ese bucle de pensamientos negativos, que a su vez son el combustible perfecto para la ansiedad.<\/p>\n\n\n\n<p>Esto no significa que las personas que practican deporte sean inmunes a la depresi\u00f3n, aunque s\u00ed que reduce su riesgo en un alto porcentaje.<br>Comprender esta enfermedad es vital no s\u00f3lo si la padecemos, si no que ser\u00e1 de gran ayuda sin alg\u00fan familiar, amigo\/a, compa\u00f1ero\/a de trabajo la padece.<\/p>\n\n\n\n<p>Porque no, no es un baj\u00f3n, no es suficiente con un &#8220;an\u00edmate&#8221; o con un &#8220;eso se te pasa saliendo m\u00e1s&#8221;. Se trata de una enfermedad continua que una persona padece durante a\u00f1os y que condiciona completamente su vida y que cualquier puede sufrir.<\/p>\n\n\n\n<p>En Aequus, tambi\u00e9n somos expertos en otro tipo de tratamientos, como <a href=\"https:\/\/estudioaequus.com\/terapias-miofasciales-mallorca\/\">Terapias miofasciales<\/a> o <a href=\"https:\/\/estudioaequus.com\/electroterapia-mallorca\/\">Electroterapia<\/a>. Si quieres m\u00e1s informaci\u00f3n acerca de nuestros servicios, <a href=\"https:\/\/estudioaequus.com\/contacto\/\">contacta con nosotros<\/a>. \u00a1Te esperamos!<\/p>\n","protected":false},"excerpt":{"rendered":"<p>Si a muchos de nosotros\/as nos hablan de salud, inmediatamente pensamos en dolencias f\u00edsicas que nos impiden hacer una vida normal o que al menos la dificultan. Sin embargo hay enfermedades como la depresi\u00f3n que no se ven y pueden ser m\u00e1s graves que las f\u00edsicas. Cuando hablamos de enfermedades mentales, hablamos de dolencias internas [&hellip;]<\/p>\n","protected":false},"author":1,"featured_media":4444,"comment_status":"open","ping_status":"closed","sticky":false,"template":"","format":"standard","meta":{"_et_pb_use_builder":"","_et_pb_old_content":"","_et_gb_content_width":"","_joinchat":[],"footnotes":""},"categories":[170,29],"tags":[],"class_list":["post-4442","post","type-post","status-publish","format-standard","has-post-thumbnail","hentry","category-depresion","category-pilates-aequus"],"yoast_head":"<!-- This site is optimized with the Yoast SEO plugin v27.4 - https:\/\/yoast.com\/product\/yoast-seo-wordpress\/ -->\n<title>Pilates contra la depresi\u00f3n - Estudio aequus<\/title>\n<meta name=\"description\" content=\"Hay enfermedades como la depresi\u00f3n que no se ven y pueden ser m\u00e1s graves que las f\u00edsicas. Cuando hablamos de enfermedades mentales, hablamos de dolencias internas en ocasiones dif\u00edciles de detectar, entender y tratar.hay enfermedades como la depresi\u00f3n que no se ven y pueden ser m\u00e1s graves que las f\u00edsicas.\" \/>\n<meta name=\"robots\" content=\"index, follow, max-snippet:-1, max-image-preview:large, max-video-preview:-1\" \/>\n<link rel=\"canonical\" href=\"https:\/\/estudioaequus.com\/pilates-contra-la-depresion\/\" \/>\n<meta property=\"og:locale\" content=\"en_US\" \/>\n<meta property=\"og:type\" content=\"article\" \/>\n<meta property=\"og:title\" content=\"Pilates contra la depresi\u00f3n - Estudio aequus\" \/>\n<meta property=\"og:description\" content=\"Hay enfermedades como la depresi\u00f3n que no se ven y pueden ser m\u00e1s graves que las f\u00edsicas. Cuando hablamos de enfermedades mentales, hablamos de dolencias internas en ocasiones dif\u00edciles de detectar, entender y tratar.hay enfermedades como la depresi\u00f3n que no se ven y pueden ser m\u00e1s graves que las f\u00edsicas.\" \/>\n<meta property=\"og:url\" content=\"https:\/\/estudioaequus.com\/pilates-contra-la-depresion\/\" \/>\n<meta property=\"og:site_name\" content=\"Estudio aequus\" \/>\n<meta property=\"article:published_time\" content=\"2020-01-03T00:06:49+00:00\" \/>\n<meta property=\"article:modified_time\" content=\"2024-03-25T12:44:26+00:00\" \/>\n<meta property=\"og:image\" content=\"https:\/\/estudioaequus.com\/wp-content\/uploads\/2020\/01\/depresion.jpg\" \/>\n\t<meta property=\"og:image:width\" content=\"626\" \/>\n\t<meta property=\"og:image:height\" content=\"416\" \/>\n\t<meta property=\"og:image:type\" content=\"image\/jpeg\" \/>\n<meta name=\"author\" content=\"Elena Garc\u00eda Ortiz\" \/>\n<meta name=\"twitter:card\" content=\"summary_large_image\" \/>\n<meta name=\"twitter:label1\" content=\"Written by\" \/>\n\t<meta name=\"twitter:data1\" content=\"Elena Garc\u00eda Ortiz\" \/>\n\t<meta name=\"twitter:label2\" content=\"Est. reading time\" \/>\n\t<meta name=\"twitter:data2\" content=\"3 minutes\" \/>\n<!-- \/ Yoast SEO plugin. -->","yoast_head_json":{"title":"Pilates contra la depresi\u00f3n - Estudio aequus","description":"Hay enfermedades como la depresi\u00f3n que no se ven y pueden ser m\u00e1s graves que las f\u00edsicas. Cuando hablamos de enfermedades mentales, hablamos de dolencias internas en ocasiones dif\u00edciles de detectar, entender y tratar.hay enfermedades como la depresi\u00f3n que no se ven y pueden ser m\u00e1s graves que las f\u00edsicas.","robots":{"index":"index","follow":"follow","max-snippet":"max-snippet:-1","max-image-preview":"max-image-preview:large","max-video-preview":"max-video-preview:-1"},"canonical":"https:\/\/estudioaequus.com\/pilates-contra-la-depresion\/","og_locale":"en_US","og_type":"article","og_title":"Pilates contra la depresi\u00f3n - Estudio aequus","og_description":"Hay enfermedades como la depresi\u00f3n que no se ven y pueden ser m\u00e1s graves que las f\u00edsicas. Cuando hablamos de enfermedades mentales, hablamos de dolencias internas en ocasiones dif\u00edciles de detectar, entender y tratar.hay enfermedades como la depresi\u00f3n que no se ven y pueden ser m\u00e1s graves que las f\u00edsicas.","og_url":"https:\/\/estudioaequus.com\/pilates-contra-la-depresion\/","og_site_name":"Estudio aequus","article_published_time":"2020-01-03T00:06:49+00:00","article_modified_time":"2024-03-25T12:44:26+00:00","og_image":[{"width":626,"height":416,"url":"https:\/\/estudioaequus.com\/wp-content\/uploads\/2020\/01\/depresion.jpg","type":"image\/jpeg"}],"author":"Elena Garc\u00eda Ortiz","twitter_card":"summary_large_image","twitter_misc":{"Written by":"Elena Garc\u00eda Ortiz","Est. reading time":"3 minutes"},"schema":{"@context":"https:\/\/schema.org","@graph":[{"@type":"Article","@id":"https:\/\/estudioaequus.com\/pilates-contra-la-depresion\/#article","isPartOf":{"@id":"https:\/\/estudioaequus.com\/pilates-contra-la-depresion\/"},"author":{"name":"Elena Garc\u00eda Ortiz","@id":"https:\/\/estudioaequus.com\/#\/schema\/person\/10f2d1e9e2003ad73b5bfda1fc726045"},"headline":"Pilates contra la depresi\u00f3n","datePublished":"2020-01-03T00:06:49+00:00","dateModified":"2024-03-25T12:44:26+00:00","mainEntityOfPage":{"@id":"https:\/\/estudioaequus.com\/pilates-contra-la-depresion\/"},"wordCount":494,"commentCount":0,"image":{"@id":"https:\/\/estudioaequus.com\/pilates-contra-la-depresion\/#primaryimage"},"thumbnailUrl":"https:\/\/estudioaequus.com\/wp-content\/uploads\/2020\/01\/depresion.jpg","articleSection":["depresi\u00f3n","Pilates Aequus"],"inLanguage":"en-US","potentialAction":[{"@type":"CommentAction","name":"Comment","target":["https:\/\/estudioaequus.com\/pilates-contra-la-depresion\/#respond"]}]},{"@type":"WebPage","@id":"https:\/\/estudioaequus.com\/pilates-contra-la-depresion\/","url":"https:\/\/estudioaequus.com\/pilates-contra-la-depresion\/","name":"Pilates contra la depresi\u00f3n - Estudio aequus","isPartOf":{"@id":"https:\/\/estudioaequus.com\/#website"},"primaryImageOfPage":{"@id":"https:\/\/estudioaequus.com\/pilates-contra-la-depresion\/#primaryimage"},"image":{"@id":"https:\/\/estudioaequus.com\/pilates-contra-la-depresion\/#primaryimage"},"thumbnailUrl":"https:\/\/estudioaequus.com\/wp-content\/uploads\/2020\/01\/depresion.jpg","datePublished":"2020-01-03T00:06:49+00:00","dateModified":"2024-03-25T12:44:26+00:00","author":{"@id":"https:\/\/estudioaequus.com\/#\/schema\/person\/10f2d1e9e2003ad73b5bfda1fc726045"},"description":"Hay enfermedades como la depresi\u00f3n que no se ven y pueden ser m\u00e1s graves que las f\u00edsicas. Cuando hablamos de enfermedades mentales, hablamos de dolencias internas en ocasiones dif\u00edciles de detectar, entender y tratar.hay enfermedades como la depresi\u00f3n que no se ven y pueden ser m\u00e1s graves que las f\u00edsicas.","breadcrumb":{"@id":"https:\/\/estudioaequus.com\/pilates-contra-la-depresion\/#breadcrumb"},"inLanguage":"en-US","potentialAction":[{"@type":"ReadAction","target":["https:\/\/estudioaequus.com\/pilates-contra-la-depresion\/"]}]},{"@type":"ImageObject","inLanguage":"en-US","@id":"https:\/\/estudioaequus.com\/pilates-contra-la-depresion\/#primaryimage","url":"https:\/\/estudioaequus.com\/wp-content\/uploads\/2020\/01\/depresion.jpg","contentUrl":"https:\/\/estudioaequus.com\/wp-content\/uploads\/2020\/01\/depresion.jpg","width":626,"height":416,"caption":"depresi\u00f3n"},{"@type":"BreadcrumbList","@id":"https:\/\/estudioaequus.com\/pilates-contra-la-depresion\/#breadcrumb","itemListElement":[{"@type":"ListItem","position":1,"name":"Portada","item":"https:\/\/estudioaequus.com\/en\/pilates-palma-de-mallorca\/"},{"@type":"ListItem","position":2,"name":"Pilates contra la depresi\u00f3n"}]},{"@type":"WebSite","@id":"https:\/\/estudioaequus.com\/#website","url":"https:\/\/estudioaequus.com\/","name":"Estudio aequus","description":"Estudio de Pilates en Palma","potentialAction":[{"@type":"SearchAction","target":{"@type":"EntryPoint","urlTemplate":"https:\/\/estudioaequus.com\/?s={search_term_string}"},"query-input":{"@type":"PropertyValueSpecification","valueRequired":true,"valueName":"search_term_string"}}],"inLanguage":"en-US"},{"@type":"Person","@id":"https:\/\/estudioaequus.com\/#\/schema\/person\/10f2d1e9e2003ad73b5bfda1fc726045","name":"Elena Garc\u00eda Ortiz","image":{"@type":"ImageObject","inLanguage":"en-US","@id":"https:\/\/estudioaequus.com\/wp-content\/uploads\/2025\/08\/fisioterapeuta-elena-garcia.webp","url":"https:\/\/estudioaequus.com\/wp-content\/uploads\/2025\/08\/fisioterapeuta-elena-garcia.webp","contentUrl":"https:\/\/estudioaequus.com\/wp-content\/uploads\/2025\/08\/fisioterapeuta-elena-garcia.webp","caption":"Elena Garc\u00eda Ortiz"},"description":"\u2022 Licenciada en educaci\u00f3n f\u00edsica INEF por la Universidad de Lleida. \u2022 Maestr\u00eda en aerobic. \u2022 Maestr\u00eda en Fitness. \u2022 Maestr\u00eda en gimnasia r\u00edtmica y deportiva. \u2022 Instructor BTS de Body Balance y Body Pump. \u2022 Tonificaci\u00f3n, Step y Aerobic de Fitness Pentatl\u00f3n. \u2022 Instructor de ciclismo Indoor y Tot Cycling.","url":"https:\/\/estudioaequus.com\/en\/author\/mktpmp_or4nk97g\/"}]}},"_links":{"self":[{"href":"https:\/\/estudioaequus.com\/en\/wp-json\/wp\/v2\/posts\/4442","targetHints":{"allow":["GET"]}}],"collection":[{"href":"https:\/\/estudioaequus.com\/en\/wp-json\/wp\/v2\/posts"}],"about":[{"href":"https:\/\/estudioaequus.com\/en\/wp-json\/wp\/v2\/types\/post"}],"author":[{"embeddable":true,"href":"https:\/\/estudioaequus.com\/en\/wp-json\/wp\/v2\/users\/1"}],"replies":[{"embeddable":true,"href":"https:\/\/estudioaequus.com\/en\/wp-json\/wp\/v2\/comments?post=4442"}],"version-history":[{"count":1,"href":"https:\/\/estudioaequus.com\/en\/wp-json\/wp\/v2\/posts\/4442\/revisions"}],"predecessor-version":[{"id":249797,"href":"https:\/\/estudioaequus.com\/en\/wp-json\/wp\/v2\/posts\/4442\/revisions\/249797"}],"wp:featuredmedia":[{"embeddable":true,"href":"https:\/\/estudioaequus.com\/en\/wp-json\/wp\/v2\/media\/4444"}],"wp:attachment":[{"href":"https:\/\/estudioaequus.com\/en\/wp-json\/wp\/v2\/media?parent=4442"}],"wp:term":[{"taxonomy":"category","embeddable":true,"href":"https:\/\/estudioaequus.com\/en\/wp-json\/wp\/v2\/categories?post=4442"},{"taxonomy":"post_tag","embeddable":true,"href":"https:\/\/estudioaequus.com\/en\/wp-json\/wp\/v2\/tags?post=4442"}],"curies":[{"name":"wp","href":"https:\/\/api.w.org\/{rel}","templated":true}]}}